{"id":3743,"date":"2019-04-16T07:58:20","date_gmt":"2019-04-16T05:58:20","guid":{"rendered":"https:\/\/www.bibletraditions.org\/?p=3743"},"modified":"2023-08-08T10:02:53","modified_gmt":"2023-08-08T08:02:53","slug":"conferences-organised-by-our-friends-and-collaborators","status":"publish","type":"post","link":"https:\/\/www.bibletraditions.org\/en\/uncategorized\/conferences-organised-by-our-friends-and-collaborators\/","title":{"rendered":"Conferences organised by our friends and collaborators"},"content":{"rendered":"<p>Two of our friends, Prof. Anne-Catherine Baudoin (University of Geneva) and Prof. St\u00e9phanie Anthonioz, are organising some excellent research and study days.<\/p>\n<h2 id=\"jevoussaluejosephcolloqueinternationalles17et18maipariscollgedefrancecolenormalesuprieure\">&#8220;Je vous salue Joseph&#8221;, international conference on 17 and 18 May in Paris (Coll\u00e8ge de France \/ \u00c9cole normale sup\u00e9rieure)<\/h2>\n<p>compiled by Anne-Catherine Baudoin (University of Geneva) and Carlo Ossola (Coll\u00e8ge de France)<\/p>\n<blockquote><p>Joseph is a secondary character in the New Testament, present only in the accounts of Jesus&#8217; childhood. The scarcity of mentions in the canonical texts should come as no surprise: Jesus is the Son of God, the Incarnation takes place through Mary; there is no need for an earthly father other than to provide for the needs of the child and his mother. However, the secrecy of the Scriptures on this paradoxical father of the family, indispensable but useless, father and husband without being, present but absent, has led to a twofold movement in Christian traditions: Some keep a virtual silence on the man who ultimately played no role in the ministry of Jesus and was only an involuntary witness to the Incarnation; the others attest to a concern to generously enrich the representations of Jesus&#8217; childhood by presenting a model father, in the context of devotion to a Holy Family that soon competed with the Trinity, a model husband, whose virtuous continence was praised, and a model worker, whose feast day in the 20th century was fixed for 1 May.<\/p>\n<p>Studying a biblical figure and its reception allows us to take account of the way in which biblical material is continually the object of translation from one world to another and of infinite recuperation, and to recall that its possibilities of interpretation cannot be reduced to a single, eternally valid position. This encounter around the biblical figure of Joseph, Mary&#8217;s husband, is as much about deepening historical knowledge as it is about reflecting on tradition and the contemporary world.<\/p><\/blockquote>\n<style>.embed-container { position: relative; padding-bottom: 56.25%; height: 0; overflow: hidden; max-width: 100%; } .embed-container iframe, .embed-container object, .embed-container embed { position: absolute; top: 0; left: 0; width: 100%; height: 100%; }<\/style>\n<div class=\"embed-container\"><object data=\"https:\/\/www.bibletraditions.org\/wp-content\/uploads\/2022\/04\/2019-jevoussaluejoseph-afficheprogramme.pdf\" type=\"application\/pdf\" width=\"600\" height=\"800\"><\/object><\/div>\n<p>(Programme du <a href=\"http:\/\/www.transfers.ens.fr\/je-vous-salue-joseph-1037\">colloque<\/a>)<\/p>\n<h2 id=\"leschrubinskeruvimjournedtudelillele17mai\">&#8220;Les Ch\u00e9rubins | Keruvim&#8221;, study day in Lille, 17 May<\/h2>\n<p>Professors P. Abrahami and S. Anthonioz are organising this day to shed light on one of the many religious mutations at the turn of our era, when the hybrid creatures known as &#8216;cherubim&#8217; (keruvim) became &#8216;angels&#8217; and even represented one of the angelic classes closest to the divinity alongside the &#8216;seraphim&#8217;. To study this phenomenon, we propose to reconsider the textual and iconographic traditions of these entities, to follow their evolution, to trace possible influences between neighbouring systems of representation, and finally to show their reception both in the &#8220;celestial hierarchy&#8221; and in the renewed diversity of texts and images.<\/p>\n<style>.embed-container { position: relative; padding-bottom: 56.25%; height: 0; overflow: hidden; max-width: 100%; } .embed-container iframe, .embed-container object, .embed-container embed { position: absolute; top: 0; left: 0; width: 100%; height: 100%; }<\/style>\n<div class=\"embed-container\"><object data=\"https:\/\/www.bibletraditions.org\/wp-content\/uploads\/2022\/04\/cherubins-2019.pdf\" type=\"application\/pdf\" width=\"600\" height=\"800\"><\/object><\/div>\n<p>( Schedule of the day )<\/p>\n<p>As Anne Catherine and St\u00e9phanie are both teachers at the E.N.S., this post is also an opportunity to congratulate ourselves once again on the excellent collaboration between the Rue d&#8217;Ulm and the Ecole Biblique, and to thank Dr. Judith Rohman, who has taken over from Anne-Catherine as supervisor of the young Normaliens applying for mobility to come to Jerusalem as part of our A.M.I. programme.<\/p>\n","protected":false},"excerpt":{"rendered":"<p>Two of our friends, Prof. Anne-Catherine Baudoin (University of Geneva) and Prof. St\u00e9phanie Anthonioz, are organising some excellent research and study days. &#8220;Je vous salue Joseph&#8221;, international conference on 17 and 18 May in Paris (Coll\u00e8ge de France \/ \u00c9cole normale sup\u00e9rieure) compiled by Anne-Catherine Baudoin (University of Geneva) and Carlo Ossola (Coll\u00e8ge de France) [&hellip;]<\/p>\n","protected":false},"author":7,"featured_media":1837,"comment_status":"closed","ping_status":"closed","sticky":false,"template":"","format":"standard","meta":{"_acf_changed":false,"_et_pb_use_builder":"","_et_pb_old_content":"","_et_gb_content_width":"","footnotes":""},"categories":[21],"tags":[],"journal":[],"class_list":["post-3743","post","type-post","status-publish","format-standard","has-post-thumbnail","hentry","category-uncategorized"],"acf":[],"yoast_head":"<!-- This site is optimized with the Yoast SEO plugin v26.3 - https:\/\/yoast.com\/wordpress\/plugins\/seo\/ -->\n<title>Conferences organised by our friends and collaborators - Bible In Its Traditions<\/title>\n<meta name=\"robots\" content=\"index, follow, max-snippet:-1, max-image-preview:large, max-video-preview:-1\" \/>\n<link rel=\"canonical\" href=\"https:\/\/www.bibletraditions.org\/en\/uncategorized\/conferences-organised-by-our-friends-and-collaborators\/\" \/>\n<meta property=\"og:locale\" content=\"en_US\" \/>\n<meta property=\"og:type\" content=\"article\" \/>\n<meta property=\"og:title\" content=\"Conferences organised by our friends and collaborators - Bible In Its Traditions\" \/>\n<meta property=\"og:description\" content=\"Two of our friends, Prof. Anne-Catherine Baudoin (University of Geneva) and Prof. St\u00e9phanie Anthonioz, are organising some excellent research and study days. &#8220;Je vous salue Joseph&#8221;, international conference on 17 and 18 May in Paris (Coll\u00e8ge de France \/ \u00c9cole normale sup\u00e9rieure) compiled by Anne-Catherine Baudoin (University of Geneva) and Carlo Ossola (Coll\u00e8ge de France) [&hellip;]\" \/>\n<meta property=\"og:url\" content=\"https:\/\/www.bibletraditions.org\/en\/uncategorized\/conferences-organised-by-our-friends-and-collaborators\/\" \/>\n<meta property=\"og:site_name\" content=\"Bible In Its Traditions\" \/>\n<meta property=\"article:published_time\" content=\"2019-04-16T05:58:20+00:00\" \/>\n<meta property=\"article:modified_time\" content=\"2023-08-08T08:02:53+00:00\" \/>\n<meta property=\"og:image\" content=\"https:\/\/www.bibletraditions.org\/wp-content\/uploads\/2019\/04\/2019-jevoussaluejoseph-afficheprogramme.jpeg\" \/>\n\t<meta property=\"og:image:width\" content=\"1704\" \/>\n\t<meta property=\"og:image:height\" content=\"1481\" \/>\n\t<meta property=\"og:image:type\" content=\"image\/jpeg\" \/>\n<meta name=\"author\" content=\"communication\" \/>\n<meta name=\"twitter:card\" content=\"summary_large_image\" \/>\n<script type=\"application\/ld+json\" class=\"yoast-schema-graph\">{\"@context\":\"https:\/\/schema.org\",\"@graph\":[{\"@type\":\"WebPage\",\"@id\":\"https:\/\/www.bibletraditions.org\/en\/uncategorized\/conferences-organised-by-our-friends-and-collaborators\/\",\"url\":\"https:\/\/www.bibletraditions.org\/en\/uncategorized\/conferences-organised-by-our-friends-and-collaborators\/\",\"name\":\"Conferences organised by our friends and collaborators - Bible In Its Traditions\",\"isPartOf\":{\"@id\":\"https:\/\/www.bibletraditions.org\/#website\"},\"primaryImageOfPage\":{\"@id\":\"https:\/\/www.bibletraditions.org\/en\/uncategorized\/conferences-organised-by-our-friends-and-collaborators\/#primaryimage\"},\"image\":{\"@id\":\"https:\/\/www.bibletraditions.org\/en\/uncategorized\/conferences-organised-by-our-friends-and-collaborators\/#primaryimage\"},\"thumbnailUrl\":\"https:\/\/www.bibletraditions.org\/wp-content\/uploads\/2019\/04\/2019-jevoussaluejoseph-afficheprogramme.jpeg\",\"datePublished\":\"2019-04-16T05:58:20+00:00\",\"dateModified\":\"2023-08-08T08:02:53+00:00\",\"author\":{\"@id\":\"https:\/\/www.bibletraditions.org\/#\/schema\/person\/caddb57e1d4ffd42a96245cdc067d2d5\"},\"breadcrumb\":{\"@id\":\"https:\/\/www.bibletraditions.org\/en\/uncategorized\/conferences-organised-by-our-friends-and-collaborators\/#breadcrumb\"},\"inLanguage\":\"en-US\",\"potentialAction\":[{\"@type\":\"ReadAction\",\"target\":[\"https:\/\/www.bibletraditions.org\/en\/uncategorized\/conferences-organised-by-our-friends-and-collaborators\/\"]}]},{\"@type\":\"ImageObject\",\"inLanguage\":\"en-US\",\"@id\":\"https:\/\/www.bibletraditions.org\/en\/uncategorized\/conferences-organised-by-our-friends-and-collaborators\/#primaryimage\",\"url\":\"https:\/\/www.bibletraditions.org\/wp-content\/uploads\/2019\/04\/2019-jevoussaluejoseph-afficheprogramme.jpeg\",\"contentUrl\":\"https:\/\/www.bibletraditions.org\/wp-content\/uploads\/2019\/04\/2019-jevoussaluejoseph-afficheprogramme.jpeg\",\"width\":1704,\"height\":1481,\"caption\":\"Je vous salue Joseph\"},{\"@type\":\"BreadcrumbList\",\"@id\":\"https:\/\/www.bibletraditions.org\/en\/uncategorized\/conferences-organised-by-our-friends-and-collaborators\/#breadcrumb\",\"itemListElement\":[{\"@type\":\"ListItem\",\"position\":1,\"name\":\"Home\",\"item\":\"https:\/\/www.bibletraditions.org\/en\/\"},{\"@type\":\"ListItem\",\"position\":2,\"name\":\"Conferences organised by our friends and collaborators\"}]},{\"@type\":\"WebSite\",\"@id\":\"https:\/\/www.bibletraditions.org\/#website\",\"url\":\"https:\/\/www.bibletraditions.org\/\",\"name\":\"Bible In Its Traditions\",\"description\":\"\",\"potentialAction\":[{\"@type\":\"SearchAction\",\"target\":{\"@type\":\"EntryPoint\",\"urlTemplate\":\"https:\/\/www.bibletraditions.org\/?s={search_term_string}\"},\"query-input\":{\"@type\":\"PropertyValueSpecification\",\"valueRequired\":true,\"valueName\":\"search_term_string\"}}],\"inLanguage\":\"en-US\"},{\"@type\":\"Person\",\"@id\":\"https:\/\/www.bibletraditions.org\/#\/schema\/person\/caddb57e1d4ffd42a96245cdc067d2d5\",\"name\":\"communication\",\"image\":{\"@type\":\"ImageObject\",\"inLanguage\":\"en-US\",\"@id\":\"https:\/\/www.bibletraditions.org\/#\/schema\/person\/image\/\",\"url\":\"https:\/\/secure.gravatar.com\/avatar\/3f2ee6ee3117108e6b8d92b31bb7da5afe672ff54355c3b1464f35826e25cc56?s=96&d=mm&r=g\",\"contentUrl\":\"https:\/\/secure.gravatar.com\/avatar\/3f2ee6ee3117108e6b8d92b31bb7da5afe672ff54355c3b1464f35826e25cc56?s=96&d=mm&r=g\",\"caption\":\"communication\"}}]}<\/script>\n<!-- \/ Yoast SEO plugin. -->","yoast_head_json":{"title":"Conferences organised by our friends and collaborators - Bible In Its Traditions","robots":{"index":"index","follow":"follow","max-snippet":"max-snippet:-1","max-image-preview":"max-image-preview:large","max-video-preview":"max-video-preview:-1"},"canonical":"https:\/\/www.bibletraditions.org\/en\/uncategorized\/conferences-organised-by-our-friends-and-collaborators\/","og_locale":"en_US","og_type":"article","og_title":"Conferences organised by our friends and collaborators - Bible In Its Traditions","og_description":"Two of our friends, Prof. Anne-Catherine Baudoin (University of Geneva) and Prof. St\u00e9phanie Anthonioz, are organising some excellent research and study days. &#8220;Je vous salue Joseph&#8221;, international conference on 17 and 18 May in Paris (Coll\u00e8ge de France \/ \u00c9cole normale sup\u00e9rieure) compiled by Anne-Catherine Baudoin (University of Geneva) and Carlo Ossola (Coll\u00e8ge de France) [&hellip;]","og_url":"https:\/\/www.bibletraditions.org\/en\/uncategorized\/conferences-organised-by-our-friends-and-collaborators\/","og_site_name":"Bible In Its Traditions","article_published_time":"2019-04-16T05:58:20+00:00","article_modified_time":"2023-08-08T08:02:53+00:00","og_image":[{"width":1704,"height":1481,"url":"https:\/\/www.bibletraditions.org\/wp-content\/uploads\/2019\/04\/2019-jevoussaluejoseph-afficheprogramme.jpeg","type":"image\/jpeg"}],"author":"communication","twitter_card":"summary_large_image","schema":{"@context":"https:\/\/schema.org","@graph":[{"@type":"WebPage","@id":"https:\/\/www.bibletraditions.org\/en\/uncategorized\/conferences-organised-by-our-friends-and-collaborators\/","url":"https:\/\/www.bibletraditions.org\/en\/uncategorized\/conferences-organised-by-our-friends-and-collaborators\/","name":"Conferences organised by our friends and collaborators - Bible In Its Traditions","isPartOf":{"@id":"https:\/\/www.bibletraditions.org\/#website"},"primaryImageOfPage":{"@id":"https:\/\/www.bibletraditions.org\/en\/uncategorized\/conferences-organised-by-our-friends-and-collaborators\/#primaryimage"},"image":{"@id":"https:\/\/www.bibletraditions.org\/en\/uncategorized\/conferences-organised-by-our-friends-and-collaborators\/#primaryimage"},"thumbnailUrl":"https:\/\/www.bibletraditions.org\/wp-content\/uploads\/2019\/04\/2019-jevoussaluejoseph-afficheprogramme.jpeg","datePublished":"2019-04-16T05:58:20+00:00","dateModified":"2023-08-08T08:02:53+00:00","author":{"@id":"https:\/\/www.bibletraditions.org\/#\/schema\/person\/caddb57e1d4ffd42a96245cdc067d2d5"},"breadcrumb":{"@id":"https:\/\/www.bibletraditions.org\/en\/uncategorized\/conferences-organised-by-our-friends-and-collaborators\/#breadcrumb"},"inLanguage":"en-US","potentialAction":[{"@type":"ReadAction","target":["https:\/\/www.bibletraditions.org\/en\/uncategorized\/conferences-organised-by-our-friends-and-collaborators\/"]}]},{"@type":"ImageObject","inLanguage":"en-US","@id":"https:\/\/www.bibletraditions.org\/en\/uncategorized\/conferences-organised-by-our-friends-and-collaborators\/#primaryimage","url":"https:\/\/www.bibletraditions.org\/wp-content\/uploads\/2019\/04\/2019-jevoussaluejoseph-afficheprogramme.jpeg","contentUrl":"https:\/\/www.bibletraditions.org\/wp-content\/uploads\/2019\/04\/2019-jevoussaluejoseph-afficheprogramme.jpeg","width":1704,"height":1481,"caption":"Je vous salue Joseph"},{"@type":"BreadcrumbList","@id":"https:\/\/www.bibletraditions.org\/en\/uncategorized\/conferences-organised-by-our-friends-and-collaborators\/#breadcrumb","itemListElement":[{"@type":"ListItem","position":1,"name":"Home","item":"https:\/\/www.bibletraditions.org\/en\/"},{"@type":"ListItem","position":2,"name":"Conferences organised by our friends and collaborators"}]},{"@type":"WebSite","@id":"https:\/\/www.bibletraditions.org\/#website","url":"https:\/\/www.bibletraditions.org\/","name":"Bible In Its Traditions","description":"","potentialAction":[{"@type":"SearchAction","target":{"@type":"EntryPoint","urlTemplate":"https:\/\/www.bibletraditions.org\/?s={search_term_string}"},"query-input":{"@type":"PropertyValueSpecification","valueRequired":true,"valueName":"search_term_string"}}],"inLanguage":"en-US"},{"@type":"Person","@id":"https:\/\/www.bibletraditions.org\/#\/schema\/person\/caddb57e1d4ffd42a96245cdc067d2d5","name":"communication","image":{"@type":"ImageObject","inLanguage":"en-US","@id":"https:\/\/www.bibletraditions.org\/#\/schema\/person\/image\/","url":"https:\/\/secure.gravatar.com\/avatar\/3f2ee6ee3117108e6b8d92b31bb7da5afe672ff54355c3b1464f35826e25cc56?s=96&d=mm&r=g","contentUrl":"https:\/\/secure.gravatar.com\/avatar\/3f2ee6ee3117108e6b8d92b31bb7da5afe672ff54355c3b1464f35826e25cc56?s=96&d=mm&r=g","caption":"communication"}}]}},"_links":{"self":[{"href":"https:\/\/www.bibletraditions.org\/en\/wp-json\/wp\/v2\/posts\/3743","targetHints":{"allow":["GET"]}}],"collection":[{"href":"https:\/\/www.bibletraditions.org\/en\/wp-json\/wp\/v2\/posts"}],"about":[{"href":"https:\/\/www.bibletraditions.org\/en\/wp-json\/wp\/v2\/types\/post"}],"author":[{"embeddable":true,"href":"https:\/\/www.bibletraditions.org\/en\/wp-json\/wp\/v2\/users\/7"}],"replies":[{"embeddable":true,"href":"https:\/\/www.bibletraditions.org\/en\/wp-json\/wp\/v2\/comments?post=3743"}],"version-history":[{"count":1,"href":"https:\/\/www.bibletraditions.org\/en\/wp-json\/wp\/v2\/posts\/3743\/revisions"}],"predecessor-version":[{"id":3744,"href":"https:\/\/www.bibletraditions.org\/en\/wp-json\/wp\/v2\/posts\/3743\/revisions\/3744"}],"wp:featuredmedia":[{"embeddable":true,"href":"https:\/\/www.bibletraditions.org\/en\/wp-json\/wp\/v2\/media\/1837"}],"wp:attachment":[{"href":"https:\/\/www.bibletraditions.org\/en\/wp-json\/wp\/v2\/media?parent=3743"}],"wp:term":[{"taxonomy":"category","embeddable":true,"href":"https:\/\/www.bibletraditions.org\/en\/wp-json\/wp\/v2\/categories?post=3743"},{"taxonomy":"post_tag","embeddable":true,"href":"https:\/\/www.bibletraditions.org\/en\/wp-json\/wp\/v2\/tags?post=3743"},{"taxonomy":"journal","embeddable":true,"href":"https:\/\/www.bibletraditions.org\/en\/wp-json\/wp\/v2\/journal?post=3743"}],"curies":[{"name":"wp","href":"https:\/\/api.w.org\/{rel}","templated":true}]}}